{"id":2858,"date":"2017-12-13T08:22:35","date_gmt":"2017-12-13T07:22:35","guid":{"rendered":"http:\/\/norskmeteornettverk.no\/wordpress\/?p=2858"},"modified":"2017-12-13T08:22:35","modified_gmt":"2017-12-13T07:22:35","slug":"nytt-kamera-i-sorreisa","status":"publish","type":"post","link":"https:\/\/norskmeteornettverk.no\/wordpress\/?p=2858","title":{"rendered":"Nytt kamera i S\u00f8rreisa"},"content":{"rendered":"<p>Meteornettverket inkluderer n\u00e5 et nytt kamera i S\u00f8rreisa i Troms, og dermed har nettverket endelig ogs\u00e5 dekning i deler av nord-Norge.  Kameraet eies og drives av Ketil Vegum.  Det dekker s\u00f8rhimmelen sett fra S\u00f8rreisa, som er ei gunstig plassering fordi det har overlapp med et kamera i Abisko tilh\u00f8rende det svenske meteornettverket.  Kameraet rakk akkurat \u00e5 bli operativt f\u00f8r geminidene og har de to siste nettene registrert flere meteorer tilh\u00f8rende denne meteorsvermen.  Geminidene vil v\u00e6re p\u00e5 det mest aktive i dag og fram til i morgen, men v\u00e6ret samarbeider dessverre ikke i \u00e5r.<\/p>\n<p>Kameraets posisjon p\u00e5 69\u00b0N er dessuten midt i sm\u00f8r\u00f8yet for nordlys.  Bildet og videoen under (klikk p\u00e5 bildet) er en smakebit p\u00e5 hva kameraet kan levere.  Det er en geminide fotografert klokka 19:54 den 12. desember med dansende nordlys som bakteppe.<\/p>\n<p><a href=\"http:\/\/norskmeteornettverk.no\/meteor\/20171212\/185416\/sorreisa\/cam1\/sorreisa-20171212185415.mp4\"><img decoding=\"async\" src=\"http:\/\/norskmeteornettverk.no\/meteor\/20171212\/185416\/sorreisa\/cam1\/sorreisa-20171212185415.jpg\" alt=\"Geminide\" \/><\/a><br \/>\n<small>(Foto\/video: Ketil Vegum \/ Norsk meteornettverk<\/small>)<\/p>\n","protected":false},"excerpt":{"rendered":"<p>Meteornettverket inkluderer n\u00e5 et nytt kamera i S\u00f8rreisa i Troms, og dermed har nettverket endelig ogs\u00e5 dekning i deler av nord-Norge. Kameraet eies og drives &hellip; <\/p>\n","protected":false},"author":1,"featured_media":0,"comment_status":"open","ping_status":"open","sticky":false,"template":"","format":"standard","meta":{"footnotes":""},"categories":[9,4,1],"tags":[],"class_list":["post-2858","post","type-post","status-publish","format-standard","hentry","category-diverse","category-meteorsvermer","category-observasjoner"],"_links":{"self":[{"href":"https:\/\/norskmeteornettverk.no\/wordpress\/index.php?rest_route=\/wp\/v2\/posts\/2858","targetHints":{"allow":["GET"]}}],"collection":[{"href":"https:\/\/norskmeteornettverk.no\/wordpress\/index.php?rest_route=\/wp\/v2\/posts"}],"about":[{"href":"https:\/\/norskmeteornettverk.no\/wordpress\/index.php?rest_route=\/wp\/v2\/types\/post"}],"author":[{"embeddable":true,"href":"https:\/\/norskmeteornettverk.no\/wordpress\/index.php?rest_route=\/wp\/v2\/users\/1"}],"replies":[{"embeddable":true,"href":"https:\/\/norskmeteornettverk.no\/wordpress\/index.php?rest_route=%2Fwp%2Fv2%2Fcomments&post=2858"}],"version-history":[{"count":5,"href":"https:\/\/norskmeteornettverk.no\/wordpress\/index.php?rest_route=\/wp\/v2\/posts\/2858\/revisions"}],"predecessor-version":[{"id":2863,"href":"https:\/\/norskmeteornettverk.no\/wordpress\/index.php?rest_route=\/wp\/v2\/posts\/2858\/revisions\/2863"}],"wp:attachment":[{"href":"https:\/\/norskmeteornettverk.no\/wordpress\/index.php?rest_route=%2Fwp%2Fv2%2Fmedia&parent=2858"}],"wp:term":[{"taxonomy":"category","embeddable":true,"href":"https:\/\/norskmeteornettverk.no\/wordpress\/index.php?rest_route=%2Fwp%2Fv2%2Fcategories&post=2858"},{"taxonomy":"post_tag","embeddable":true,"href":"https:\/\/norskmeteornettverk.no\/wordpress\/index.php?rest_route=%2Fwp%2Fv2%2Ftags&post=2858"}],"curies":[{"name":"wp","href":"https:\/\/api.w.org\/{rel}","templated":true}]}}