{"id":3040,"date":"2019-04-06T14:17:04","date_gmt":"2019-04-06T12:17:04","guid":{"rendered":"http:\/\/norskmeteornettverk.no\/wordpress\/?p=3040"},"modified":"2019-04-06T14:17:04","modified_gmt":"2019-04-06T12:17:04","slug":"lysfenomen-over-troms-var-raketter","status":"publish","type":"post","link":"https:\/\/norskmeteornettverk.no\/wordpress\/?p=3040","title":{"rendered":"Lysfenomen over Troms var raketter"},"content":{"rendered":"<p>Det var mange i Troms som fikk seg et overraskende syn i natt.  Klokka 00:22 natt til 6. april dukka fire lysende kuler opp p\u00e5 himmelen.  S\u00e5 fire til.  Og enda fire.  Flere frykta at det kunne v\u00e6re n\u00f8dbluss og ringte politiet, men det dreide seg om <a href=\"https:\/\/www.nordlys.no\/lysfenomen\/troms\/astronomi\/mystisk-lysfenomen-over-troms\/s\/5-34-1096484\">to rakettoppskytinger fra And\u00f8ya<\/a>.  Oppskytinga var en del av <a href=\"https:\/\/www.nasa.gov\/feature\/goddard\/2018\/sounding-rocket-mission-will-trace-auroral-winds\">Azure-prosjektet<\/a>, et samarbeid mellom NASA og And\u00f8ya romsenter.  Rakettene gikk opp til 320 km h\u00f8gde og slapp ut gass som del av et nordlysstudium.<\/p>\n<p>Meteorkameraene i S\u00f8rreisa fikk med seg hendelsen, og den var synlig helt ned til s\u00f8r-Norge.  Fra \u00d8rsta 900 km unna fikk Geir \u00d8ye tatt dette bildet klokka 00:22 i natt:<br \/>\n<img decoding=\"async\" src=\"http:\/\/norskmeteornettverk.no\/bilder\/2019\/andoya-g_oye-20190425.jpg\" alt=\"raketter\" \/><br \/>\n<small>(Foto: Geir T. Birkeland \u00d8ye)<\/small><\/p>\n<p>Gr\u00f8nt lys fra rakettene kan ses like over fjellet nederst i bildet.  Geir \u00d8ye har ogs\u00e5 et meteorkamera med i meteornettverket, men lyset var for svakt til at dette fikk registrert det.<\/p>\n<p>Fra Ketil Vegums meteorstasjon i S\u00f8rreisa har vi lagd en <a href=\"http:\/\/norskmeteornettverk.no\/bilder\/2019\/andoya-20190405.mp4\">timelapse<\/a> (8 ganger normal hastighet), som viser hele forl\u00f8pet:<br \/>\n<iframe loading=\"lazy\" width=\"560\" height=\"315\" src=\"https:\/\/www.youtube.com\/embed\/nFKXRNDSqiY\" frameborder=\"0\" allow=\"accelerometer; autoplay; encrypted-media; gyroscope; picture-in-picture\" allowfullscreen><\/iframe><\/p>\n","protected":false},"excerpt":{"rendered":"<p>Det var mange i Troms som fikk seg et overraskende syn i natt. Klokka 00:22 natt til 6. april dukka fire lysende kuler opp p\u00e5 &hellip; <\/p>\n","protected":false},"author":1,"featured_media":0,"comment_status":"open","ping_status":"open","sticky":false,"template":"","format":"standard","meta":{"footnotes":""},"categories":[9,1],"tags":[],"class_list":["post-3040","post","type-post","status-publish","format-standard","hentry","category-diverse","category-observasjoner"],"_links":{"self":[{"href":"https:\/\/norskmeteornettverk.no\/wordpress\/index.php?rest_route=\/wp\/v2\/posts\/3040","targetHints":{"allow":["GET"]}}],"collection":[{"href":"https:\/\/norskmeteornettverk.no\/wordpress\/index.php?rest_route=\/wp\/v2\/posts"}],"about":[{"href":"https:\/\/norskmeteornettverk.no\/wordpress\/index.php?rest_route=\/wp\/v2\/types\/post"}],"author":[{"embeddable":true,"href":"https:\/\/norskmeteornettverk.no\/wordpress\/index.php?rest_route=\/wp\/v2\/users\/1"}],"replies":[{"embeddable":true,"href":"https:\/\/norskmeteornettverk.no\/wordpress\/index.php?rest_route=%2Fwp%2Fv2%2Fcomments&post=3040"}],"version-history":[{"count":8,"href":"https:\/\/norskmeteornettverk.no\/wordpress\/index.php?rest_route=\/wp\/v2\/posts\/3040\/revisions"}],"predecessor-version":[{"id":3048,"href":"https:\/\/norskmeteornettverk.no\/wordpress\/index.php?rest_route=\/wp\/v2\/posts\/3040\/revisions\/3048"}],"wp:attachment":[{"href":"https:\/\/norskmeteornettverk.no\/wordpress\/index.php?rest_route=%2Fwp%2Fv2%2Fmedia&parent=3040"}],"wp:term":[{"taxonomy":"category","embeddable":true,"href":"https:\/\/norskmeteornettverk.no\/wordpress\/index.php?rest_route=%2Fwp%2Fv2%2Fcategories&post=3040"},{"taxonomy":"post_tag","embeddable":true,"href":"https:\/\/norskmeteornettverk.no\/wordpress\/index.php?rest_route=%2Fwp%2Fv2%2Ftags&post=3040"}],"curies":[{"name":"wp","href":"https:\/\/api.w.org\/{rel}","templated":true}]}}