{"id":3118,"date":"2020-08-15T07:53:59","date_gmt":"2020-08-15T05:53:59","guid":{"rendered":"http:\/\/norskmeteornettverk.no\/wordpress\/?p=3118"},"modified":"2020-08-15T07:53:59","modified_gmt":"2020-08-15T05:53:59","slug":"dagslysbolide-over-skagerrak","status":"publish","type":"post","link":"https:\/\/norskmeteornettverk.no\/wordpress\/?p=3118","title":{"rendered":"Dagslysbolide over Skagerrak"},"content":{"rendered":"<p>Flere har meldt inn til oss om ei ildkule p\u00e5 himmelen sett i fullt dagslys ved 20:30-tida torsdag 13. august.  Rapportene kommer fra Agder, Vestfold og Telemark og s\u00e5 langt nord som Viken.  Ildkula beskrives som gr\u00f8nn i fargen med hale.  Et av kameraene v\u00e5re i Kristiansand registrerte antakelig den delvis klokka 20:38, men vi har ikke funnet den p\u00e5 noen andre kameraer, s\u00e5 n\u00f8yaktig peiling har ikke v\u00e6rt mulig.  Den var synlig mot \u00f8st sett fra Kristiansand og later til \u00e5 ha falt over Skagerrak.<\/p>\n<p><a href=\"http:\/\/norskmeteornettverk.no\/meteor\/20200813\/183829\/kristiansand\/cam2\/kristiansand-20200813183829-gnomonic.mp4\"><img decoding=\"async\" src=\"http:\/\/norskmeteornettverk.no\/bilder\/2020\/dagslysbolide-20200813.png\" alt=\"Dagslysbolide\" \/><\/a><br \/>\n<small>(Foto\/video: Norsk meteornettverk)<\/small><\/p>\n","protected":false},"excerpt":{"rendered":"<p>Flere har meldt inn til oss om ei ildkule p\u00e5 himmelen sett i fullt dagslys ved 20:30-tida torsdag 13. august. Rapportene kommer fra Agder, Vestfold &hellip; <\/p>\n","protected":false},"author":1,"featured_media":0,"comment_status":"open","ping_status":"open","sticky":false,"template":"","format":"standard","meta":{"footnotes":""},"categories":[1],"tags":[],"class_list":["post-3118","post","type-post","status-publish","format-standard","hentry","category-observasjoner"],"_links":{"self":[{"href":"https:\/\/norskmeteornettverk.no\/wordpress\/index.php?rest_route=\/wp\/v2\/posts\/3118","targetHints":{"allow":["GET"]}}],"collection":[{"href":"https:\/\/norskmeteornettverk.no\/wordpress\/index.php?rest_route=\/wp\/v2\/posts"}],"about":[{"href":"https:\/\/norskmeteornettverk.no\/wordpress\/index.php?rest_route=\/wp\/v2\/types\/post"}],"author":[{"embeddable":true,"href":"https:\/\/norskmeteornettverk.no\/wordpress\/index.php?rest_route=\/wp\/v2\/users\/1"}],"replies":[{"embeddable":true,"href":"https:\/\/norskmeteornettverk.no\/wordpress\/index.php?rest_route=%2Fwp%2Fv2%2Fcomments&post=3118"}],"version-history":[{"count":3,"href":"https:\/\/norskmeteornettverk.no\/wordpress\/index.php?rest_route=\/wp\/v2\/posts\/3118\/revisions"}],"predecessor-version":[{"id":3121,"href":"https:\/\/norskmeteornettverk.no\/wordpress\/index.php?rest_route=\/wp\/v2\/posts\/3118\/revisions\/3121"}],"wp:attachment":[{"href":"https:\/\/norskmeteornettverk.no\/wordpress\/index.php?rest_route=%2Fwp%2Fv2%2Fmedia&parent=3118"}],"wp:term":[{"taxonomy":"category","embeddable":true,"href":"https:\/\/norskmeteornettverk.no\/wordpress\/index.php?rest_route=%2Fwp%2Fv2%2Fcategories&post=3118"},{"taxonomy":"post_tag","embeddable":true,"href":"https:\/\/norskmeteornettverk.no\/wordpress\/index.php?rest_route=%2Fwp%2Fv2%2Ftags&post=3118"}],"curies":[{"name":"wp","href":"https:\/\/api.w.org\/{rel}","templated":true}]}}