{"id":3599,"date":"2024-01-27T10:20:24","date_gmt":"2024-01-27T09:20:24","guid":{"rendered":"http:\/\/norskmeteornettverk.no\/wordpress\/?p=3599"},"modified":"2024-01-27T10:20:24","modified_gmt":"2024-01-27T09:20:24","slug":"ildkule-synlig-fra-trondelag-og-ostlandet-26-januar","status":"publish","type":"post","link":"https:\/\/norskmeteornettverk.no\/wordpress\/?p=3599","title":{"rendered":"Ildkule synlig fra Tr\u00f8ndelag og \u00d8stlandet 26. januar"},"content":{"rendered":"<p>Den 26. januar klokka 20:12 var det mange som fikk se ei flott ildkule p\u00e5 himmelen.  Vi registrerte den fra et av v\u00e5re kamera i Trondheim, men mangler \u00f8vrige kameraregistreringer og vi kan forel\u00f8pig ikke si s\u00e5 mye om hvor den falt utover at den synes \u00e5 ha falt ned over midtre deler av Sverige.  Det er ogs\u00e5 vanskelig \u00e5 vurdere om noe kan ha falt ned til bakken som meteoritter.  Den synes imidlertid \u00e5 ha relativt stor hastighet, noe som gj\u00f8r det mer sannsynlig at den har brent helt opp.<\/p>\n<p><a href=\"http:\/\/norskmeteornettverk.no\/bilder\/2024\/ildkule-20240126.mp4\"><img decoding=\"async\" src=\"http:\/\/norskmeteornettverk.no\/bilder\/2024\/ildkule-20240126.jpg\" alt=\"Ildkule\" \/><\/a><\/p>\n<p>Se <a href=\"https:\/\/norskmeteornettverk.no\/meteor\/20240126\/191253\/\">egen rapportside<\/a> for flere detaljer.<\/p>\n","protected":false},"excerpt":{"rendered":"<p>Den 26. januar klokka 20:12 var det mange som fikk se ei flott ildkule p\u00e5 himmelen. Vi registrerte den fra et av v\u00e5re kamera i &hellip; <\/p>\n","protected":false},"author":1,"featured_media":0,"comment_status":"open","ping_status":"open","sticky":false,"template":"","format":"standard","meta":{"footnotes":""},"categories":[1],"tags":[],"class_list":["post-3599","post","type-post","status-publish","format-standard","hentry","category-observasjoner"],"_links":{"self":[{"href":"https:\/\/norskmeteornettverk.no\/wordpress\/index.php?rest_route=\/wp\/v2\/posts\/3599","targetHints":{"allow":["GET"]}}],"collection":[{"href":"https:\/\/norskmeteornettverk.no\/wordpress\/index.php?rest_route=\/wp\/v2\/posts"}],"about":[{"href":"https:\/\/norskmeteornettverk.no\/wordpress\/index.php?rest_route=\/wp\/v2\/types\/post"}],"author":[{"embeddable":true,"href":"https:\/\/norskmeteornettverk.no\/wordpress\/index.php?rest_route=\/wp\/v2\/users\/1"}],"replies":[{"embeddable":true,"href":"https:\/\/norskmeteornettverk.no\/wordpress\/index.php?rest_route=%2Fwp%2Fv2%2Fcomments&post=3599"}],"version-history":[{"count":1,"href":"https:\/\/norskmeteornettverk.no\/wordpress\/index.php?rest_route=\/wp\/v2\/posts\/3599\/revisions"}],"predecessor-version":[{"id":3600,"href":"https:\/\/norskmeteornettverk.no\/wordpress\/index.php?rest_route=\/wp\/v2\/posts\/3599\/revisions\/3600"}],"wp:attachment":[{"href":"https:\/\/norskmeteornettverk.no\/wordpress\/index.php?rest_route=%2Fwp%2Fv2%2Fmedia&parent=3599"}],"wp:term":[{"taxonomy":"category","embeddable":true,"href":"https:\/\/norskmeteornettverk.no\/wordpress\/index.php?rest_route=%2Fwp%2Fv2%2Fcategories&post=3599"},{"taxonomy":"post_tag","embeddable":true,"href":"https:\/\/norskmeteornettverk.no\/wordpress\/index.php?rest_route=%2Fwp%2Fv2%2Ftags&post=3599"}],"curies":[{"name":"wp","href":"https:\/\/api.w.org\/{rel}","templated":true}]}}