{"id":3841,"date":"2026-09-05T23:23:47","date_gmt":"2026-09-05T21:23:47","guid":{"rendered":"https:\/\/norskmeteornettverk.no\/wordpress\/?p=3841"},"modified":"2026-09-05T23:23:47","modified_gmt":"2026-09-05T21:23:47","slug":"rakettoppskyting-fra-andoya","status":"publish","type":"post","link":"https:\/\/norskmeteornettverk.no\/wordpress\/?p=3841","title":{"rendered":"Rakettoppskyting fra And\u00f8ya"},"content":{"rendered":"<p>L\u00f8rdag kveld 5. september sk\u00f8yt Isar Aerospace opp raketten \u00abSpectrum 2\u00bb fra And\u00f8ya Space.  Raketten var godt synlig fra meteorstasjonen v\u00e5r i S\u00f8rreisa.  Klikk p\u00e5 bildet under for \u00e5 se en video (10 ganger normal hastighet).<br \/>\n<a href=\"http:\/\/norskmeteornettverk.no\/bilder\/2026\/isar-20260905.mp4\"><img decoding=\"async\" src=\"http:\/\/norskmeteornettverk.no\/bilder\/2026\/isar-20260905.jpg\" alt=\"Rakett\" \/><\/a><\/p>\n","protected":false},"excerpt":{"rendered":"<p>L\u00f8rdag kveld 5. september sk\u00f8yt Isar Aerospace opp raketten \u00abSpectrum 2\u00bb fra And\u00f8ya Space. Raketten var godt synlig fra meteorstasjonen v\u00e5r i S\u00f8rreisa. Klikk p\u00e5 bildet under for \u00e5 se en video (10 ganger normal hastighet).<\/p>\n","protected":false},"author":1,"featured_media":0,"comment_status":"open","ping_status":"open","sticky":false,"template":"","format":"standard","meta":{"footnotes":""},"categories":[9],"tags":[],"class_list":["post-3841","post","type-post","status-publish","format-standard","hentry","category-diverse"],"_links":{"self":[{"href":"https:\/\/norskmeteornettverk.no\/wordpress\/index.php?rest_route=\/wp\/v2\/posts\/3841","targetHints":{"allow":["GET"]}}],"collection":[{"href":"https:\/\/norskmeteornettverk.no\/wordpress\/index.php?rest_route=\/wp\/v2\/posts"}],"about":[{"href":"https:\/\/norskmeteornettverk.no\/wordpress\/index.php?rest_route=\/wp\/v2\/types\/post"}],"author":[{"embeddable":true,"href":"https:\/\/norskmeteornettverk.no\/wordpress\/index.php?rest_route=\/wp\/v2\/users\/1"}],"replies":[{"embeddable":true,"href":"https:\/\/norskmeteornettverk.no\/wordpress\/index.php?rest_route=%2Fwp%2Fv2%2Fcomments&post=3841"}],"version-history":[{"count":2,"href":"https:\/\/norskmeteornettverk.no\/wordpress\/index.php?rest_route=\/wp\/v2\/posts\/3841\/revisions"}],"predecessor-version":[{"id":3843,"href":"https:\/\/norskmeteornettverk.no\/wordpress\/index.php?rest_route=\/wp\/v2\/posts\/3841\/revisions\/3843"}],"wp:attachment":[{"href":"https:\/\/norskmeteornettverk.no\/wordpress\/index.php?rest_route=%2Fwp%2Fv2%2Fmedia&parent=3841"}],"wp:term":[{"taxonomy":"category","embeddable":true,"href":"https:\/\/norskmeteornettverk.no\/wordpress\/index.php?rest_route=%2Fwp%2Fv2%2Fcategories&post=3841"},{"taxonomy":"post_tag","embeddable":true,"href":"https:\/\/norskmeteornettverk.no\/wordpress\/index.php?rest_route=%2Fwp%2Fv2%2Ftags&post=3841"}],"curies":[{"name":"wp","href":"https:\/\/api.w.org\/{rel}","templated":true}]}}