{"id":680,"date":"2013-10-05T21:35:45","date_gmt":"2013-10-05T19:35:45","guid":{"rendered":"http:\/\/norskmeteornettverk.no\/wordpress\/?p=680"},"modified":"2013-10-05T21:59:35","modified_gmt":"2013-10-05T19:59:35","slug":"ildkule-27-september","status":"publish","type":"post","link":"https:\/\/norskmeteornettverk.no\/wordpress\/?p=680","title":{"rendered":"Ildkule 27. september"},"content":{"rendered":"<p>I l\u00f8pet av kvelden 27. september fikk vi mange henvendelser fra ulike steder i s\u00f8r-Norge, b\u00e5de fra \u00d8stlandet og Vestlandet, om ei ildkule synlig i ca. 5 sekund.  Den gikk i oppl\u00f8sning med gnistrende hale og beskrives som oransje i fargen.  Den lyste mye sterkere enn stjernene, men terrenget lyste ikke opp.  Vi har ogs\u00e5 ildkula p\u00e5 v\u00e5re kamera i Vestby og Breim.  P.g.a. h\u00f8stferie har vi ikke f\u00e5tt g\u00e5tt gjennom observasjonene f\u00f8r n\u00e5.<\/p>\n<p><img decoding=\"async\" src=\"http:\/\/norskmeteornettverk.no\/bilder\/2013\/runar_20130927.jpg\" alt=\"Ildkule 2013-09-27\" \/><br \/><small>(Foto: Runar Sandnes\/Norsk meteornettverk)<\/small><br \/>\n<!--more--><br \/>\n<img decoding=\"async\" src=\"http:\/\/norskmeteornettverk.no\/bilder\/2013\/arne_20130927.jpg\" alt=\"Ildkule 2013-09-27\" \/><br \/><small>(Foto: Arne Danielsen\/Norsk meteornettverk)<\/small><\/p>\n<p>Ut fra bildene kan vi beregne f\u00f8lgende om banen:<br \/>\n<img decoding=\"async\" src=\"http:\/\/norskmeteornettverk.no\/bilder\/2013\/map_20130927.png\" alt=\"Ildkule 2013-09-27\" \/><br \/>\n<img decoding=\"async\" src=\"http:\/\/norskmeteornettverk.no\/bilder\/2013\/height_20130927.png\" alt=\"Ildkule 2013-09-27\" \/><\/p>\n<p>Den later til \u00e5 ha kommet til syne ca. 110 km over nordlige delen av Jostedalsbreen, g\u00e5tt s\u00f8r\u00f8stover over Jotunheimen og Lillehammer og kanskje kommet s\u00e5 langt som til ca. 75 km over Elverum.  Hastigheten har v\u00e6rt om lag 42 km\/s.  Den har kommet inn i atmosf\u00e6ren i en spiss vinkel (ca. 8\u00b0) og brent helt opp.  Uansett var ildkula et flott skue.<\/p>\n","protected":false},"excerpt":{"rendered":"<p>I l\u00f8pet av kvelden 27. september fikk vi mange henvendelser fra ulike steder i s\u00f8r-Norge, b\u00e5de fra \u00d8stlandet og Vestlandet, om ei ildkule synlig i &hellip; <\/p>\n","protected":false},"author":1,"featured_media":0,"comment_status":"open","ping_status":"open","sticky":false,"template":"","format":"standard","meta":{"footnotes":""},"categories":[1],"tags":[],"class_list":["post-680","post","type-post","status-publish","format-standard","hentry","category-observasjoner"],"_links":{"self":[{"href":"https:\/\/norskmeteornettverk.no\/wordpress\/index.php?rest_route=\/wp\/v2\/posts\/680","targetHints":{"allow":["GET"]}}],"collection":[{"href":"https:\/\/norskmeteornettverk.no\/wordpress\/index.php?rest_route=\/wp\/v2\/posts"}],"about":[{"href":"https:\/\/norskmeteornettverk.no\/wordpress\/index.php?rest_route=\/wp\/v2\/types\/post"}],"author":[{"embeddable":true,"href":"https:\/\/norskmeteornettverk.no\/wordpress\/index.php?rest_route=\/wp\/v2\/users\/1"}],"replies":[{"embeddable":true,"href":"https:\/\/norskmeteornettverk.no\/wordpress\/index.php?rest_route=%2Fwp%2Fv2%2Fcomments&post=680"}],"version-history":[{"count":13,"href":"https:\/\/norskmeteornettverk.no\/wordpress\/index.php?rest_route=\/wp\/v2\/posts\/680\/revisions"}],"predecessor-version":[{"id":694,"href":"https:\/\/norskmeteornettverk.no\/wordpress\/index.php?rest_route=\/wp\/v2\/posts\/680\/revisions\/694"}],"wp:attachment":[{"href":"https:\/\/norskmeteornettverk.no\/wordpress\/index.php?rest_route=%2Fwp%2Fv2%2Fmedia&parent=680"}],"wp:term":[{"taxonomy":"category","embeddable":true,"href":"https:\/\/norskmeteornettverk.no\/wordpress\/index.php?rest_route=%2Fwp%2Fv2%2Fcategories&post=680"},{"taxonomy":"post_tag","embeddable":true,"href":"https:\/\/norskmeteornettverk.no\/wordpress\/index.php?rest_route=%2Fwp%2Fv2%2Ftags&post=680"}],"curies":[{"name":"wp","href":"https:\/\/api.w.org\/{rel}","templated":true}]}}