{"id":970,"date":"2013-11-20T11:09:33","date_gmt":"2013-11-20T10:09:33","guid":{"rendered":"http:\/\/norskmeteornettverk.no\/wordpress\/?p=970"},"modified":"2013-11-20T13:33:15","modified_gmt":"2013-11-20T12:33:15","slug":"et-par-mindre-ildkuler-i-natt","status":"publish","type":"post","link":"https:\/\/norskmeteornettverk.no\/wordpress\/?p=970","title":{"rendered":"Et knippe mindre ildkuler i natt"},"content":{"rendered":"<p>Et par mindre ildkuler var synlige lavt p\u00e5 vesthimmelen sett fra Oslo i dag tidlig klokka 05:01 og 05:38.  P\u00e5 grunn av en del skyer vestp\u00e5 har vi bare opptak fra Oslo og kan ikke peile.  De var s\u00e5pass kortvarige at de antakelig har brent helt opp langt over bakken.  Slike sterke stjerneskudd er ikke \u00e5 se hver eneste natt, men de er ganske vanlige.  Klikk p\u00e5 bildet under for \u00e5 se video.<br \/>\n<a href=\"http:\/\/norskmeteornettverk.no\/bilder\/2013\/meteor-20131120.mp4\"><img decoding=\"async\" src=\"http:\/\/norskmeteornettverk.no\/bilder\/2013\/meteor-20131120.jpg\" alt=\"ildkuler\" \/><\/a><br \/>\n<small>(Foto\/video: Steinar Midtskogen \/ Norsk meteornettverk)<\/small><br \/>\n<!--more--><br \/>\nFra Oslo (59,97056N 10.649639\u00d8) var retningene:<\/p>\n<table>\n<tr>\n<td>Tidspunkt<\/td>\n<td align=center>05:01<\/td>\n<td align=center>05:38<\/td>\n<\/tr>\n<tr>\n<td>start<\/td>\n<td>256,0\u00b0 7,8\u00b0<\/td>\n<td>306,5\u00b0 4,2\u00b0<\/td>\n<\/tr>\n<tr>\n<td>slutt<\/td>\n<td>258,2\u00b0 5,3\u00b0<\/td>\n<td>307,1\u00b0 1,2\u00b0<\/td>\n<\/tr>\n<tr>\n<td>varighet<\/td>\n<td>0,7s<\/td>\n<td>1,9s<\/td>\n<\/tr>\n<\/table>\n<p>Men det var ikke verre med skyer i Breim i Sogn og fjordane i natt at et kamera der fikk med et par andre stjerneskudd klokka 01:44 og 03:31.  Klikk p\u00e5 bildene for videoer.<br \/>\n<a href=\"http:\/\/norskmeteornettverk.no\/bilder\/2013\/M20131120_014349__GS.mp4\"><img decoding=\"async\" src=\"http:\/\/norskmeteornettverk.no\/bilder\/2013\/meteor-20131120b.jpg\" alt=\"ildkule\" \/><\/a><br \/>\n<small>(Foto\/video: Runar Sandnes \/ Norsk meteornettverk)<\/small><\/p>\n<p><a href=\"http:\/\/norskmeteornettverk.no\/bilder\/2013\/M20131120_033047__GS.mp4\"><img decoding=\"async\" src=\"http:\/\/norskmeteornettverk.no\/bilder\/2013\/meteor-20131120c.jpg\" alt=\"ildkule\" \/><\/a><br \/>\n<small>(Foto\/video: Runar Sandnes \/ Norsk meteornettverk)<\/small><\/p>\n","protected":false},"excerpt":{"rendered":"<p>Et par mindre ildkuler var synlige lavt p\u00e5 vesthimmelen sett fra Oslo i dag tidlig klokka 05:01 og 05:38. P\u00e5 grunn av en del skyer &hellip; <\/p>\n","protected":false},"author":1,"featured_media":0,"comment_status":"open","ping_status":"open","sticky":false,"template":"","format":"standard","meta":{"footnotes":""},"categories":[1],"tags":[],"class_list":["post-970","post","type-post","status-publish","format-standard","hentry","category-observasjoner"],"_links":{"self":[{"href":"https:\/\/norskmeteornettverk.no\/wordpress\/index.php?rest_route=\/wp\/v2\/posts\/970","targetHints":{"allow":["GET"]}}],"collection":[{"href":"https:\/\/norskmeteornettverk.no\/wordpress\/index.php?rest_route=\/wp\/v2\/posts"}],"about":[{"href":"https:\/\/norskmeteornettverk.no\/wordpress\/index.php?rest_route=\/wp\/v2\/types\/post"}],"author":[{"embeddable":true,"href":"https:\/\/norskmeteornettverk.no\/wordpress\/index.php?rest_route=\/wp\/v2\/users\/1"}],"replies":[{"embeddable":true,"href":"https:\/\/norskmeteornettverk.no\/wordpress\/index.php?rest_route=%2Fwp%2Fv2%2Fcomments&post=970"}],"version-history":[{"count":11,"href":"https:\/\/norskmeteornettverk.no\/wordpress\/index.php?rest_route=\/wp\/v2\/posts\/970\/revisions"}],"predecessor-version":[{"id":981,"href":"https:\/\/norskmeteornettverk.no\/wordpress\/index.php?rest_route=\/wp\/v2\/posts\/970\/revisions\/981"}],"wp:attachment":[{"href":"https:\/\/norskmeteornettverk.no\/wordpress\/index.php?rest_route=%2Fwp%2Fv2%2Fmedia&parent=970"}],"wp:term":[{"taxonomy":"category","embeddable":true,"href":"https:\/\/norskmeteornettverk.no\/wordpress\/index.php?rest_route=%2Fwp%2Fv2%2Fcategories&post=970"},{"taxonomy":"post_tag","embeddable":true,"href":"https:\/\/norskmeteornettverk.no\/wordpress\/index.php?rest_route=%2Fwp%2Fv2%2Ftags&post=970"}],"curies":[{"name":"wp","href":"https:\/\/api.w.org\/{rel}","templated":true}]}}