{"id":982,"date":"2013-11-25T21:07:15","date_gmt":"2013-11-25T20:07:15","guid":{"rendered":"http:\/\/norskmeteornettverk.no\/wordpress\/?p=982"},"modified":"2013-11-25T21:07:15","modified_gmt":"2013-11-25T20:07:15","slug":"flott-ildkule-sett-fra-jaeren","status":"publish","type":"post","link":"https:\/\/norskmeteornettverk.no\/wordpress\/?p=982","title":{"rendered":"Flott ildkule sett fra J\u00e6ren"},"content":{"rendered":"<p>Jonny Ueland fikk en video av denne flotte ildkula 22. november klokka 07:51 (klikk p\u00e5 bildet for video):<br \/>\n<a href=\"http:\/\/norskmeteornettverk.no\/bilder\/2013\/meteor-20131122.avi\"><img decoding=\"async\" src=\"http:\/\/norskmeteornettverk.no\/bilder\/2013\/meteor-20131122.jpg\" alt=\"meteor\" \/><\/a><br \/>\n<small>(Foto\/video: Jonny Ueland)<\/small><\/p>\n<p>Den passerer over halve himmelen i l\u00f8pet av seks sekund.  Det tyder p\u00e5 at meteoren har kommet inn i atmosf\u00e6ren i en ganske lav vinkel og i en relativt lav hastighet.  Dessverre har vi bare dette videoopptaket og ingen vitneobservasjoner.  P\u00e5 \u00d8stlandet var det for lyst til at noen av v\u00e5re kameraer klarte \u00e5 registrere dette, lengre nord p\u00e5 Vestlandet var det skyer, og det samme i Danmark.  Dermed kan vi ikke bestemme noen bane og hastighet.  Den synes \u00e5 ha kommet til syne over indre Agder og g\u00e5tt nordvestover inn over Rogaland, men dette er usikkert.<\/p>\n","protected":false},"excerpt":{"rendered":"<p>Jonny Ueland fikk en video av denne flotte ildkula 22. november klokka 07:51 (klikk p\u00e5 bildet for video): (Foto\/video: Jonny Ueland) Den passerer over halve &hellip; <\/p>\n","protected":false},"author":1,"featured_media":0,"comment_status":"open","ping_status":"open","sticky":false,"template":"","format":"standard","meta":{"footnotes":""},"categories":[1],"tags":[],"class_list":["post-982","post","type-post","status-publish","format-standard","hentry","category-observasjoner"],"_links":{"self":[{"href":"https:\/\/norskmeteornettverk.no\/wordpress\/index.php?rest_route=\/wp\/v2\/posts\/982","targetHints":{"allow":["GET"]}}],"collection":[{"href":"https:\/\/norskmeteornettverk.no\/wordpress\/index.php?rest_route=\/wp\/v2\/posts"}],"about":[{"href":"https:\/\/norskmeteornettverk.no\/wordpress\/index.php?rest_route=\/wp\/v2\/types\/post"}],"author":[{"embeddable":true,"href":"https:\/\/norskmeteornettverk.no\/wordpress\/index.php?rest_route=\/wp\/v2\/users\/1"}],"replies":[{"embeddable":true,"href":"https:\/\/norskmeteornettverk.no\/wordpress\/index.php?rest_route=%2Fwp%2Fv2%2Fcomments&post=982"}],"version-history":[{"count":6,"href":"https:\/\/norskmeteornettverk.no\/wordpress\/index.php?rest_route=\/wp\/v2\/posts\/982\/revisions"}],"predecessor-version":[{"id":988,"href":"https:\/\/norskmeteornettverk.no\/wordpress\/index.php?rest_route=\/wp\/v2\/posts\/982\/revisions\/988"}],"wp:attachment":[{"href":"https:\/\/norskmeteornettverk.no\/wordpress\/index.php?rest_route=%2Fwp%2Fv2%2Fmedia&parent=982"}],"wp:term":[{"taxonomy":"category","embeddable":true,"href":"https:\/\/norskmeteornettverk.no\/wordpress\/index.php?rest_route=%2Fwp%2Fv2%2Fcategories&post=982"},{"taxonomy":"post_tag","embeddable":true,"href":"https:\/\/norskmeteornettverk.no\/wordpress\/index.php?rest_route=%2Fwp%2Fv2%2Ftags&post=982"}],"curies":[{"name":"wp","href":"https:\/\/api.w.org\/{rel}","templated":true}]}}